{"id":908,"date":"2022-10-17T11:43:20","date_gmt":"2022-10-17T09:43:20","guid":{"rendered":"http:\/\/pfarrgemeinde-parsberg.de\/?p=908"},"modified":"2022-10-17T11:43:20","modified_gmt":"2022-10-17T09:43:20","slug":"kleinkindergottesdienst-im-pfarrheim-wir-sind-lebendige-steine-in-der-kirche","status":"publish","type":"post","link":"http:\/\/pfarrgemeinde-parsberg.de\/?p=908","title":{"rendered":"Kleinkindergottesdienst im Pfarrheim                                          &#8222;Wir sind lebendige Steine in der Kirche&#8220;"},"content":{"rendered":"\n<p>Gemeindereferentin Barbara Fischer mit ihrem Team feierte gestern mit den Kleinkindern und deren Familien Kirchweih. <\/p>\n\n\n\n<figure class=\"wp-block-gallery has-nested-images columns-default is-cropped wp-block-gallery-1 is-layout-flex wp-block-gallery-is-layout-flex\">\n<figure class=\"wp-block-image size-large\"><img loading=\"lazy\" decoding=\"async\" width=\"1024\" height=\"1024\" data-id=\"910\" src=\"http:\/\/pfarrgemeinde-parsberg.de\/wp-content\/uploads\/2022\/10\/IMG-20221016-WA0003-1024x1024.jpg\" alt=\"\" class=\"wp-image-910\" srcset=\"http:\/\/pfarrgemeinde-parsberg.de\/wp-content\/uploads\/2022\/10\/IMG-20221016-WA0003-1024x1024.jpg 1024w, http:\/\/pfarrgemeinde-parsberg.de\/wp-content\/uploads\/2022\/10\/IMG-20221016-WA0003-300x300.jpg 300w, http:\/\/pfarrgemeinde-parsberg.de\/wp-content\/uploads\/2022\/10\/IMG-20221016-WA0003-150x150.jpg 150w, http:\/\/pfarrgemeinde-parsberg.de\/wp-content\/uploads\/2022\/10\/IMG-20221016-WA0003-768x768.jpg 768w, http:\/\/pfarrgemeinde-parsberg.de\/wp-content\/uploads\/2022\/10\/IMG-20221016-WA0003-1536x1536.jpg 1536w, http:\/\/pfarrgemeinde-parsberg.de\/wp-content\/uploads\/2022\/10\/IMG-20221016-WA0003-100x100.jpg 100w, http:\/\/pfarrgemeinde-parsberg.de\/wp-content\/uploads\/2022\/10\/IMG-20221016-WA0003.jpg 1600w\" sizes=\"auto, (max-width: 767px) 89vw, (max-width: 1000px) 54vw, (max-width: 1071px) 543px, 580px\" \/><\/figure>\n\n\n\n<figure class=\"wp-block-image size-large\"><img loading=\"lazy\" decoding=\"async\" width=\"1024\" height=\"1024\" data-id=\"909\" src=\"http:\/\/pfarrgemeinde-parsberg.de\/wp-content\/uploads\/2022\/10\/IMG-20221016-WA0005-1024x1024.jpg\" alt=\"\" class=\"wp-image-909\" srcset=\"http:\/\/pfarrgemeinde-parsberg.de\/wp-content\/uploads\/2022\/10\/IMG-20221016-WA0005-1024x1024.jpg 1024w, http:\/\/pfarrgemeinde-parsberg.de\/wp-content\/uploads\/2022\/10\/IMG-20221016-WA0005-300x300.jpg 300w, http:\/\/pfarrgemeinde-parsberg.de\/wp-content\/uploads\/2022\/10\/IMG-20221016-WA0005-150x150.jpg 150w, http:\/\/pfarrgemeinde-parsberg.de\/wp-content\/uploads\/2022\/10\/IMG-20221016-WA0005-768x768.jpg 768w, http:\/\/pfarrgemeinde-parsberg.de\/wp-content\/uploads\/2022\/10\/IMG-20221016-WA0005-100x100.jpg 100w, http:\/\/pfarrgemeinde-parsberg.de\/wp-content\/uploads\/2022\/10\/IMG-20221016-WA0005.jpg 1496w\" sizes=\"auto, (max-width: 767px) 89vw, (max-width: 1000px) 54vw, (max-width: 1071px) 543px, 580px\" \/><\/figure>\n\n\n\n<figure class=\"wp-block-image size-large\"><img loading=\"lazy\" decoding=\"async\" width=\"1024\" height=\"1024\" data-id=\"911\" src=\"http:\/\/pfarrgemeinde-parsberg.de\/wp-content\/uploads\/2022\/10\/IMG-20221016-WA0004-1024x1024.jpg\" alt=\"\" class=\"wp-image-911\" srcset=\"http:\/\/pfarrgemeinde-parsberg.de\/wp-content\/uploads\/2022\/10\/IMG-20221016-WA0004-1024x1024.jpg 1024w, http:\/\/pfarrgemeinde-parsberg.de\/wp-content\/uploads\/2022\/10\/IMG-20221016-WA0004-300x300.jpg 300w, http:\/\/pfarrgemeinde-parsberg.de\/wp-content\/uploads\/2022\/10\/IMG-20221016-WA0004-150x150.jpg 150w, http:\/\/pfarrgemeinde-parsberg.de\/wp-content\/uploads\/2022\/10\/IMG-20221016-WA0004-768x768.jpg 768w, http:\/\/pfarrgemeinde-parsberg.de\/wp-content\/uploads\/2022\/10\/IMG-20221016-WA0004-1536x1536.jpg 1536w, http:\/\/pfarrgemeinde-parsberg.de\/wp-content\/uploads\/2022\/10\/IMG-20221016-WA0004-100x100.jpg 100w, http:\/\/pfarrgemeinde-parsberg.de\/wp-content\/uploads\/2022\/10\/IMG-20221016-WA0004.jpg 1600w\" sizes=\"auto, (max-width: 767px) 89vw, (max-width: 1000px) 54vw, (max-width: 1071px) 543px, 580px\" \/><\/figure>\n<\/figure>\n\n\n\n<p>Jedes Kind hat einen Stein mit seinem Namen an dem Kirchturm oder die Kirche geklebt. Jeder ist ein lebendiger Stein. Jeder ist mit all seinen Eigenheiten f\u00fcr die Kirche \u2013 f\u00fcr die Gemeinschaft \u2013 wichtig. W\u00fcrde ein Stein fehlen, w\u00e4re die Gemeinschaft nicht vollst\u00e4ndig.<\/p>\n","protected":false},"excerpt":{"rendered":"<p>Gemeindereferentin Barbara Fischer mit ihrem Team feierte gestern mit den Kleinkindern und deren Familien Kirchweih. Jedes Kind hat einen Stein mit seinem Namen an dem Kirchturm oder die Kirche geklebt. Jeder ist ein lebendiger Stein. Jeder ist mit all seinen Eigenheiten f\u00fcr die Kirche \u2013 f\u00fcr die Gemeinschaft \u2013 wichtig. W\u00fcrde ein Stein fehlen, w\u00e4re &hellip; <\/p>\n<p class=\"link-more\"><a href=\"http:\/\/pfarrgemeinde-parsberg.de\/?p=908\" class=\"more-link\"><span class=\"screen-reader-text\">\u201eKleinkindergottesdienst im Pfarrheim                                          &#8222;Wir sind lebendige Steine in der Kirche&#8220;\u201c<\/span> weiterlesen<\/a><\/p>\n","protected":false},"author":1,"featured_media":0,"comment_status":"open","ping_status":"open","sticky":false,"template":"","format":"standard","meta":{"footnotes":""},"categories":[1],"tags":[],"class_list":["post-908","post","type-post","status-publish","format-standard","hentry","category-uncategorized"],"_links":{"self":[{"href":"http:\/\/pfarrgemeinde-parsberg.de\/index.php?rest_route=\/wp\/v2\/posts\/908","targetHints":{"allow":["GET"]}}],"collection":[{"href":"http:\/\/pfarrgemeinde-parsberg.de\/index.php?rest_route=\/wp\/v2\/posts"}],"about":[{"href":"http:\/\/pfarrgemeinde-parsberg.de\/index.php?rest_route=\/wp\/v2\/types\/post"}],"author":[{"embeddable":true,"href":"http:\/\/pfarrgemeinde-parsberg.de\/index.php?rest_route=\/wp\/v2\/users\/1"}],"replies":[{"embeddable":true,"href":"http:\/\/pfarrgemeinde-parsberg.de\/index.php?rest_route=%2Fwp%2Fv2%2Fcomments&post=908"}],"version-history":[{"count":3,"href":"http:\/\/pfarrgemeinde-parsberg.de\/index.php?rest_route=\/wp\/v2\/posts\/908\/revisions"}],"predecessor-version":[{"id":914,"href":"http:\/\/pfarrgemeinde-parsberg.de\/index.php?rest_route=\/wp\/v2\/posts\/908\/revisions\/914"}],"wp:attachment":[{"href":"http:\/\/pfarrgemeinde-parsberg.de\/index.php?rest_route=%2Fwp%2Fv2%2Fmedia&parent=908"}],"wp:term":[{"taxonomy":"category","embeddable":true,"href":"http:\/\/pfarrgemeinde-parsberg.de\/index.php?rest_route=%2Fwp%2Fv2%2Fcategories&post=908"},{"taxonomy":"post_tag","embeddable":true,"href":"http:\/\/pfarrgemeinde-parsberg.de\/index.php?rest_route=%2Fwp%2Fv2%2Ftags&post=908"}],"curies":[{"name":"wp","href":"https:\/\/api.w.org\/{rel}","templated":true}]}}