{"id":1957,"date":"2025-09-29T09:38:29","date_gmt":"2025-09-29T07:38:29","guid":{"rendered":"http:\/\/pfarrgemeinde-parsberg.de\/?p=1957"},"modified":"2025-09-29T09:42:52","modified_gmt":"2025-09-29T07:42:52","slug":"pfarrausflug-nach-noerdlingen","status":"publish","type":"post","link":"http:\/\/pfarrgemeinde-parsberg.de\/?p=1957","title":{"rendered":"Pfarrausflug nach N\u00f6rdlingen"},"content":{"rendered":"\n<p>Der Pfarrausflug ging letzten Samstag ins N\u00f6rdlinger Ries. Der erste Halt war Wemding, bei der Wallfahrtskirche Maria Br\u00fcnnlein. Hier feierten die 38 Pfarrangeh\u00f6rigen mit Wallfahrtsrektor Norbert Traub und Pfr. G\u00fcnther die Hl. Messe.<\/p>\n\n\n\n<figure class=\"wp-block-gallery has-nested-images columns-default is-cropped wp-block-gallery-1 is-layout-flex wp-block-gallery-is-layout-flex\">\n<figure class=\"wp-block-image size-large\"><img loading=\"lazy\" decoding=\"async\" width=\"768\" height=\"1024\" data-id=\"1959\" src=\"http:\/\/pfarrgemeinde-parsberg.de\/wp-content\/uploads\/2025\/09\/20250927_094335-768x1024.jpg\" alt=\"\" class=\"wp-image-1959\" srcset=\"http:\/\/pfarrgemeinde-parsberg.de\/wp-content\/uploads\/2025\/09\/20250927_094335-768x1024.jpg 768w, http:\/\/pfarrgemeinde-parsberg.de\/wp-content\/uploads\/2025\/09\/20250927_094335-225x300.jpg 225w, http:\/\/pfarrgemeinde-parsberg.de\/wp-content\/uploads\/2025\/09\/20250927_094335-1152x1536.jpg 1152w, http:\/\/pfarrgemeinde-parsberg.de\/wp-content\/uploads\/2025\/09\/20250927_094335-1536x2048.jpg 1536w, http:\/\/pfarrgemeinde-parsberg.de\/wp-content\/uploads\/2025\/09\/20250927_094335-scaled.jpg 1920w\" sizes=\"auto, (max-width: 767px) 89vw, (max-width: 1000px) 54vw, (max-width: 1071px) 543px, 580px\" \/><\/figure>\n\n\n\n<figure class=\"wp-block-image size-large\"><img loading=\"lazy\" decoding=\"async\" width=\"768\" height=\"1024\" data-id=\"1958\" src=\"http:\/\/pfarrgemeinde-parsberg.de\/wp-content\/uploads\/2025\/09\/20250927_120951-768x1024.jpg\" alt=\"\" class=\"wp-image-1958\" srcset=\"http:\/\/pfarrgemeinde-parsberg.de\/wp-content\/uploads\/2025\/09\/20250927_120951-768x1024.jpg 768w, http:\/\/pfarrgemeinde-parsberg.de\/wp-content\/uploads\/2025\/09\/20250927_120951-225x300.jpg 225w, http:\/\/pfarrgemeinde-parsberg.de\/wp-content\/uploads\/2025\/09\/20250927_120951-1152x1536.jpg 1152w, http:\/\/pfarrgemeinde-parsberg.de\/wp-content\/uploads\/2025\/09\/20250927_120951-1536x2048.jpg 1536w, http:\/\/pfarrgemeinde-parsberg.de\/wp-content\/uploads\/2025\/09\/20250927_120951-scaled.jpg 1920w\" sizes=\"auto, (max-width: 767px) 89vw, (max-width: 1000px) 54vw, (max-width: 1071px) 543px, 580px\" \/><\/figure>\n<\/figure>\n\n\n\n<p> Weiter gings dann nach N\u00f6rdlingen. Bei einer Stadtf\u00fchrung konnte man viel \u00fcber die Geschichte der historischen Stadt erfahren und sehen. Nach dem Mittagessen stand das ca. 20 km entfernte Kloster Neresheim auf dem Plan.<\/p>\n\n\n\n<figure class=\"wp-block-gallery has-nested-images columns-default is-cropped wp-block-gallery-2 is-layout-flex wp-block-gallery-is-layout-flex\">\n<figure class=\"wp-block-image size-large\"><img loading=\"lazy\" decoding=\"async\" width=\"768\" height=\"1024\" data-id=\"1960\" src=\"http:\/\/pfarrgemeinde-parsberg.de\/wp-content\/uploads\/2025\/09\/20250927_151333-768x1024.jpg\" alt=\"\" class=\"wp-image-1960\" srcset=\"http:\/\/pfarrgemeinde-parsberg.de\/wp-content\/uploads\/2025\/09\/20250927_151333-768x1024.jpg 768w, http:\/\/pfarrgemeinde-parsberg.de\/wp-content\/uploads\/2025\/09\/20250927_151333-225x300.jpg 225w, http:\/\/pfarrgemeinde-parsberg.de\/wp-content\/uploads\/2025\/09\/20250927_151333-1152x1536.jpg 1152w, http:\/\/pfarrgemeinde-parsberg.de\/wp-content\/uploads\/2025\/09\/20250927_151333-1536x2048.jpg 1536w, http:\/\/pfarrgemeinde-parsberg.de\/wp-content\/uploads\/2025\/09\/20250927_151333-scaled.jpg 1920w\" sizes=\"auto, (max-width: 767px) 89vw, (max-width: 1000px) 54vw, (max-width: 1071px) 543px, 580px\" \/><\/figure>\n\n\n\n<figure class=\"wp-block-image size-large\"><img loading=\"lazy\" decoding=\"async\" width=\"768\" height=\"1024\" data-id=\"1961\" src=\"http:\/\/pfarrgemeinde-parsberg.de\/wp-content\/uploads\/2025\/09\/20250927_151400-768x1024.jpg\" alt=\"\" class=\"wp-image-1961\" srcset=\"http:\/\/pfarrgemeinde-parsberg.de\/wp-content\/uploads\/2025\/09\/20250927_151400-768x1024.jpg 768w, http:\/\/pfarrgemeinde-parsberg.de\/wp-content\/uploads\/2025\/09\/20250927_151400-225x300.jpg 225w, http:\/\/pfarrgemeinde-parsberg.de\/wp-content\/uploads\/2025\/09\/20250927_151400-1152x1536.jpg 1152w, http:\/\/pfarrgemeinde-parsberg.de\/wp-content\/uploads\/2025\/09\/20250927_151400-1536x2048.jpg 1536w, http:\/\/pfarrgemeinde-parsberg.de\/wp-content\/uploads\/2025\/09\/20250927_151400-scaled.jpg 1920w\" sizes=\"auto, (max-width: 767px) 89vw, (max-width: 1000px) 54vw, (max-width: 1071px) 543px, 580px\" \/><\/figure>\n<\/figure>\n\n\n\n<p>In der Abteikirche Neresheim waren die beeindruckenden Freske von Martin Knoller zu sehen. Zum Abschluss wurde noch im Klostercaf\u00e9 eingekehrt.<\/p>\n","protected":false},"excerpt":{"rendered":"<p>Der Pfarrausflug ging letzten Samstag ins N\u00f6rdlinger Ries. Der erste Halt war Wemding, bei der Wallfahrtskirche Maria Br\u00fcnnlein. Hier feierten die 38 Pfarrangeh\u00f6rigen mit Wallfahrtsrektor Norbert Traub und Pfr. G\u00fcnther die Hl. Messe. Weiter gings dann nach N\u00f6rdlingen. Bei einer Stadtf\u00fchrung konnte man viel \u00fcber die Geschichte der historischen Stadt erfahren und sehen. Nach dem &hellip; <\/p>\n<p class=\"link-more\"><a href=\"http:\/\/pfarrgemeinde-parsberg.de\/?p=1957\" class=\"more-link\"><span class=\"screen-reader-text\">\u201ePfarrausflug nach N\u00f6rdlingen\u201c<\/span> weiterlesen<\/a><\/p>\n","protected":false},"author":1,"featured_media":0,"comment_status":"open","ping_status":"open","sticky":false,"template":"","format":"standard","meta":{"footnotes":""},"categories":[1],"tags":[],"class_list":["post-1957","post","type-post","status-publish","format-standard","hentry","category-uncategorized"],"_links":{"self":[{"href":"http:\/\/pfarrgemeinde-parsberg.de\/index.php?rest_route=\/wp\/v2\/posts\/1957","targetHints":{"allow":["GET"]}}],"collection":[{"href":"http:\/\/pfarrgemeinde-parsberg.de\/index.php?rest_route=\/wp\/v2\/posts"}],"about":[{"href":"http:\/\/pfarrgemeinde-parsberg.de\/index.php?rest_route=\/wp\/v2\/types\/post"}],"author":[{"embeddable":true,"href":"http:\/\/pfarrgemeinde-parsberg.de\/index.php?rest_route=\/wp\/v2\/users\/1"}],"replies":[{"embeddable":true,"href":"http:\/\/pfarrgemeinde-parsberg.de\/index.php?rest_route=%2Fwp%2Fv2%2Fcomments&post=1957"}],"version-history":[{"count":5,"href":"http:\/\/pfarrgemeinde-parsberg.de\/index.php?rest_route=\/wp\/v2\/posts\/1957\/revisions"}],"predecessor-version":[{"id":1966,"href":"http:\/\/pfarrgemeinde-parsberg.de\/index.php?rest_route=\/wp\/v2\/posts\/1957\/revisions\/1966"}],"wp:attachment":[{"href":"http:\/\/pfarrgemeinde-parsberg.de\/index.php?rest_route=%2Fwp%2Fv2%2Fmedia&parent=1957"}],"wp:term":[{"taxonomy":"category","embeddable":true,"href":"http:\/\/pfarrgemeinde-parsberg.de\/index.php?rest_route=%2Fwp%2Fv2%2Fcategories&post=1957"},{"taxonomy":"post_tag","embeddable":true,"href":"http:\/\/pfarrgemeinde-parsberg.de\/index.php?rest_route=%2Fwp%2Fv2%2Ftags&post=1957"}],"curies":[{"name":"wp","href":"https:\/\/api.w.org\/{rel}","templated":true}]}}